{"provider_url": "https://www.buritidosmontes.pi.leg.br", "title": "Sess\u00e3o Ordin\u00e1ria Novembro", "html": "<p>Ocorreu na noite desta Quarta-Feira (16), a 25\u00b0 Sess\u00e3o Ordin\u00e1ria, na C\u00e2mara Municipal de Buriti dos Montes.</p>\r\n<p>\u00a0</p>\r\n<p><img src=\"https://www.buritidosmontes.pi.leg.br/IMG_20221116_204303.jpg\" alt=\"\" class=\"image-inline\" title=\"\" /></p>\r\n<p>\u00a0</p>\r\n<p>\u00a0</p>\r\n<p>Na ocasi\u00e3o foi discutido o Projeto de Lei Or\u00e7ament\u00e1ria de 2023, onde o mesmo foi aprovado por unanimidade nas duas vota\u00e7\u00f5es.</p>\r\n<p>O Vereador Everton Batista, usou a tribuna para falar sobre sua viagem que ir\u00e1 realizar na Sexta-Feira (18) para Teresina, onde ir\u00e1 receber uma patrulha agr\u00edcola composta de v\u00e1rios equipamentos.</p>\r\n<p>\u00a0Assista a Sess\u00e3o na \u00edntegra:</p>\r\n<p><iframe src=\"https://www.youtube.com/embed/Kcb14QSWiyM\" title=\"YouTube video player\" width=\"560\" height=\"315\" allowfullscreen=\"\" frameborder=\"0\" style=\"\"></iframe></p>\r\n<p>\u00a0</p>", "author_name": "", "version": "1.0", "author_url": "https://www.buritidosmontes.pi.leg.br/author/bdm", "provider_name": "C\u00c2MARA MUNICIPAL", "type": "rich"}